[{"@context":"https:\/\/schema.org\/","@type":"Article","@id":"https:\/\/www.marcs.cz\/hlavni-mesto-na-vas-ceka\/#Article","mainEntityOfPage":"https:\/\/www.marcs.cz\/hlavni-mesto-na-vas-ceka\/","headline":"Hlavn\u00ed m\u011bsto na v\u00e1s \u010dek\u00e1","name":"Hlavn\u00ed m\u011bsto na v\u00e1s \u010dek\u00e1","description":"U\u017e jste n\u011bkdy nav\u0161t\u00edvili na\u0161e hlavn\u00ed m\u011bsto? Mnoho lid\u00ed pl\u00e1nuje sv\u00e9 zahrani\u010dn\u00ed dovolen\u00e9, na kter\u00fdch pak \u010dastokr\u00e1t ani nejsou spokojeni. Vyzkou\u0161ejte tentokr\u00e1t dovolenou v hlavn\u00edm m\u011bst\u011b \u010cesk\u00e9 republiky. Bude v\u00e1s d\u00edky n\u00e1m st\u00e1t jen zlomek ceny va\u0161\u00ed b\u011b\u017en\u00e9 dovolen\u00e9 a p\u0159itom si u\u017eijete mnoho z\u00e1bavy, kultury a z\u00e1\u017eitk\u016f. D\u00edky levn\u00e9mu ubytov\u00e1n\u00ed Praha se v na\u0161ich [&hellip;]","datePublished":"2025-09-01","dateModified":"2025-09-01","author":{"@type":"Person","@id":"https:\/\/www.marcs.cz\/author\/#Person","name":"","url":"https:\/\/www.marcs.cz\/author\/","identifier":1,"image":{"@type":"ImageObject","@id":"https:\/\/secure.gravatar.com\/avatar\/7b7a3ac09da7f6a75c5f1ebec5be454c22943a51b9f5595d89318ef09bd44dd1?s=96&d=mm&r=g","url":"https:\/\/secure.gravatar.com\/avatar\/7b7a3ac09da7f6a75c5f1ebec5be454c22943a51b9f5595d89318ef09bd44dd1?s=96&d=mm&r=g","height":96,"width":96}},"publisher":{"@type":"Organization","name":"marcs.cz","logo":{"@type":"ImageObject","@id":"\/logo.png","url":"\/logo.png","width":600,"height":60}},"url":"https:\/\/www.marcs.cz\/hlavni-mesto-na-vas-ceka\/","wordCount":174,"articleBody":"U\u017e jste n\u011bkdy nav\u0161t\u00edvili na\u0161e hlavn\u00ed m\u011bsto? Mnoho lid\u00ed pl\u00e1nuje sv\u00e9 zahrani\u010dn\u00ed dovolen\u00e9, na kter\u00fdch pak \u010dastokr\u00e1t ani nejsou spokojeni. Vyzkou\u0161ejte tentokr\u00e1t dovolenou v hlavn\u00edm m\u011bst\u011b \u010cesk\u00e9 republiky. Bude v\u00e1s d\u00edky n\u00e1m st\u00e1t jen zlomek ceny va\u0161\u00ed b\u011b\u017en\u00e9 dovolen\u00e9 a p\u0159itom si u\u017eijete mnoho z\u00e1bavy, kultury a z\u00e1\u017eitk\u016f. D\u00edky levn\u00e9mu ubytov\u00e1n\u00ed Praha se v na\u0161ich objektech m\u016f\u017eete vyspat za sm\u011b\u0161n\u011b n\u00edzk\u00e9 pen\u00edze a p\u0159itom jste j\u00edzdou metrem za p\u00e1r minut v historick\u00e9m centru pln\u00e9m neopakovateln\u00e9 atmosf\u00e9ry. Spoustu z\u00e1bavy U\u017eijte si tedy spoustu z\u00e1bavy a nepla\u0165te v\u00edce ne\u017e mus\u00edte. U\u017eijte si dovolenou v hlavn\u00edm m\u011bst\u011b, u\u017eijte si dovolenou d\u00edky levn\u00e9mu ubytov\u00e1n\u00ed Praha. Jist\u011b takovou dovolenou doporu\u010d\u00edte pro p\u0159\u00ed\u0161t\u011b i sv\u00fdm p\u0159\u00e1tel\u016fm a zn\u00e1m\u00fdm, v\u011b\u0159\u00edme toti\u017e, \u017ee budete spokojeni.                                                                                                                                                                                                                                                                                                                                                                                                "},{"@context":"https:\/\/schema.org\/","@type":"BreadcrumbList","itemListElement":[{"@type":"ListItem","position":1,"name":"Hlavn\u00ed m\u011bsto na v\u00e1s \u010dek\u00e1","item":"https:\/\/www.marcs.cz\/hlavni-mesto-na-vas-ceka\/#breadcrumbitem"}]}]