[{"@context":"https:\/\/schema.org\/","@type":"Article","@id":"https:\/\/www.marcs.cz\/nezalezi-na-zpusobu\/#Article","mainEntityOfPage":"https:\/\/www.marcs.cz\/nezalezi-na-zpusobu\/","headline":"Nez\u00e1le\u017e\u00ed na zp\u016fsobu","name":"Nez\u00e1le\u017e\u00ed na zp\u016fsobu","description":"P\u0159irozen\u011b je mnoh\u00e9mu \u010dlov\u011bku \u00fapln\u011b jedno, jak\u00fdm zp\u016fsobem se ve sv\u00e9m domov\u011b chr\u00e1n\u00ed nejen p\u0159ed nadm\u011brn\u00fdm sv\u011btlem, UV z\u00e1\u0159en\u00edm, ale t\u0159eba i p\u0159ed dot\u011brn\u00fdmi pohledy kolemjdouc\u00edch. Praktick\u00fd \u010dlov\u011bk se star\u00e1 jen o konkr\u00e9tn\u00ed v\u00fdsledek. To ale nen\u00ed zcela spr\u00e1vn\u00e9. Je snad n\u011bco \u0161patn\u00e9ho na tom, abychom m\u011bli nejen v byt\u011b st\u00edn, ale v oknech tak\u00e9 [&hellip;]","datePublished":"2025-01-05","dateModified":"2025-01-05","author":{"@type":"Person","@id":"https:\/\/www.marcs.cz\/author\/#Person","name":"","url":"https:\/\/www.marcs.cz\/author\/","identifier":1,"image":{"@type":"ImageObject","@id":"https:\/\/secure.gravatar.com\/avatar\/7b7a3ac09da7f6a75c5f1ebec5be454c22943a51b9f5595d89318ef09bd44dd1?s=96&d=mm&r=g","url":"https:\/\/secure.gravatar.com\/avatar\/7b7a3ac09da7f6a75c5f1ebec5be454c22943a51b9f5595d89318ef09bd44dd1?s=96&d=mm&r=g","height":96,"width":96}},"publisher":{"@type":"Organization","name":"marcs.cz","logo":{"@type":"ImageObject","@id":"\/logo.png","url":"\/logo.png","width":600,"height":60}},"url":"https:\/\/www.marcs.cz\/nezalezi-na-zpusobu\/","wordCount":182,"articleBody":"P\u0159irozen\u011b je mnoh\u00e9mu \u010dlov\u011bku \u00fapln\u011b jedno, jak\u00fdm zp\u016fsobem se ve sv\u00e9m domov\u011b chr\u00e1n\u00ed nejen p\u0159ed nadm\u011brn\u00fdm sv\u011btlem, UV z\u00e1\u0159en\u00edm, ale t\u0159eba i p\u0159ed dot\u011brn\u00fdmi pohledy kolemjdouc\u00edch. Praktick\u00fd \u010dlov\u011bk se star\u00e1 jen o konkr\u00e9tn\u00ed v\u00fdsledek. To ale nen\u00ed zcela spr\u00e1vn\u00e9. Je snad n\u011bco \u0161patn\u00e9ho na tom, abychom m\u011bli nejen v byt\u011b st\u00edn, ale v oknech tak\u00e9 p\u011bkn\u00e9 z\u00e1v\u011bsy, \u017ealuzie, rolety, \u0159\u00edmsk\u00e9 rolety, japonsk\u00e9 st\u011bn, \u010di jak se v\u0161echna ta st\u00edn\u00edc\u00ed technika vlastn\u011b dnes naz\u00fdv\u00e1? Jist\u011b ne! P\u011bkn\u00fd domov Nejde jen o to, zajistit si domov p\u0159ed slune\u010dn\u00edm z\u00e1\u0159en\u00edm, ale tak\u00e9 o to, aby n\u00e1\u0161 domov byl \u00fatuln\u00fd a hezk\u00fd. Tak\u00e9 proto se v\u00fdrobci p\u0159edh\u00e1n\u011bj\u00ed nejen v n\u00e1paditosti proveden\u00ed, ale tak\u00e9 v eleganci a kvalit\u011b vzhledu takov\u00fdch za\u0159\u00edzen\u00ed. Mu\u017e\u016fm to \u010dasto nic ne\u0159\u00edk\u00e1, ale \u017eena dok\u00e1\u017ee ocenit elegantn\u00ed vzory i decentn\u00ed barvy.                                                                                                                                                                                                                                                                                                                                                                                        4.5\/5 - (2 votes)        "},{"@context":"https:\/\/schema.org\/","@type":"BreadcrumbList","itemListElement":[{"@type":"ListItem","position":1,"name":"Nez\u00e1le\u017e\u00ed na zp\u016fsobu","item":"https:\/\/www.marcs.cz\/nezalezi-na-zpusobu\/#breadcrumbitem"}]}]