{"@context":"https:\/\/schema.org\/","@type":"CollectionPage","@id":"https:\/\/www.marcs.cz\/spolecnosti\/#CollectionPage","headline":"Spole\u010dnosti Category","description":"","url":"https:\/\/www.marcs.cz\/spolecnosti\/","hasPart":[{"@type":"Article","@id":"https:\/\/www.marcs.cz\/bez-sidel-se-nepodnika\/","headline":"Bez s\u00eddel se nepodnik\u00e1","url":"https:\/\/www.marcs.cz\/bez-sidel-se-nepodnika\/","datePublished":"2023-04-29","dateModified":"2023-05-31","mainEntityOfPage":"https:\/\/www.marcs.cz\/bez-sidel-se-nepodnika\/","author":{"@type":"Person","@id":"https:\/\/www.marcs.cz\/author\/#Person","name":"","url":"https:\/\/www.marcs.cz\/author\/","identifier":1,"image":{"@type":"ImageObject","@id":"https:\/\/secure.gravatar.com\/avatar\/7b7a3ac09da7f6a75c5f1ebec5be454c22943a51b9f5595d89318ef09bd44dd1?s=96&d=mm&r=g","url":"https:\/\/secure.gravatar.com\/avatar\/7b7a3ac09da7f6a75c5f1ebec5be454c22943a51b9f5595d89318ef09bd44dd1?s=96&d=mm&r=g","height":96,"width":96}},"publisher":{"@type":"Organization","name":"marcs.cz","logo":{"@type":"ImageObject","@id":"\/logo.png","url":"\/logo.png","width":600,"height":60}},"image":{"@type":"ImageObject","@id":"https:\/\/www.marcs.cz\/wp-content\/uploads\/ffff_10_1.jpg","url":"https:\/\/www.marcs.cz\/wp-content\/uploads\/ffff_10_1.jpg","height":0,"width":0},"keywords":null},{"@type":"Article","@id":"https:\/\/www.marcs.cz\/podnikani-byva-mobilni-vec\/","headline":"Podnik\u00e1n\u00ed b\u00fdv\u00e1 mobiln\u00ed v\u011bc","url":"https:\/\/www.marcs.cz\/podnikani-byva-mobilni-vec\/","datePublished":"2023-04-18","dateModified":"2023-09-21","mainEntityOfPage":"https:\/\/www.marcs.cz\/podnikani-byva-mobilni-vec\/","author":{"@type":"Person","@id":"https:\/\/www.marcs.cz\/author\/#Person","name":"","url":"https:\/\/www.marcs.cz\/author\/","identifier":1,"image":{"@type":"ImageObject","@id":"https:\/\/secure.gravatar.com\/avatar\/7b7a3ac09da7f6a75c5f1ebec5be454c22943a51b9f5595d89318ef09bd44dd1?s=96&d=mm&r=g","url":"https:\/\/secure.gravatar.com\/avatar\/7b7a3ac09da7f6a75c5f1ebec5be454c22943a51b9f5595d89318ef09bd44dd1?s=96&d=mm&r=g","height":96,"width":96}},"publisher":{"@type":"Organization","name":"marcs.cz","logo":{"@type":"ImageObject","@id":"\/logo.png","url":"\/logo.png","width":600,"height":60}},"image":{"@type":"ImageObject","@id":"https:\/\/www.marcs.cz\/wp-content\/uploads\/ttt_1.jpg","url":"https:\/\/www.marcs.cz\/wp-content\/uploads\/ttt_1.jpg","height":0,"width":0},"keywords":null},{"@type":"Article","@id":"https:\/\/www.marcs.cz\/vyroba-proutenych-kosu-se-neobejde-bez-reklamy\/","headline":"V\u00fdroba prout\u011bn\u00fdch ko\u0161\u016f se neobejde bez reklamy","url":"https:\/\/www.marcs.cz\/vyroba-proutenych-kosu-se-neobejde-bez-reklamy\/","datePublished":"2023-04-03","dateModified":"2023-05-03","mainEntityOfPage":"https:\/\/www.marcs.cz\/vyroba-proutenych-kosu-se-neobejde-bez-reklamy\/","author":{"@type":"Person","@id":"https:\/\/www.marcs.cz\/author\/#Person","name":"","url":"https:\/\/www.marcs.cz\/author\/","identifier":1,"image":{"@type":"ImageObject","@id":"https:\/\/secure.gravatar.com\/avatar\/7b7a3ac09da7f6a75c5f1ebec5be454c22943a51b9f5595d89318ef09bd44dd1?s=96&d=mm&r=g","url":"https:\/\/secure.gravatar.com\/avatar\/7b7a3ac09da7f6a75c5f1ebec5be454c22943a51b9f5595d89318ef09bd44dd1?s=96&d=mm&r=g","height":96,"width":96}},"publisher":{"@type":"Organization","name":"marcs.cz","logo":{"@type":"ImageObject","@id":"\/logo.png","url":"\/logo.png","width":600,"height":60}},"image":{"@type":"ImageObject","@id":"https:\/\/www.marcs.cz\/wp-content\/uploads\/bin-gf56ee2c68_640.jpg","url":"https:\/\/www.marcs.cz\/wp-content\/uploads\/bin-gf56ee2c68_640.jpg","height":0,"width":0},"keywords":null},{"@type":"Article","@id":"https:\/\/www.marcs.cz\/pro-pripad-nouze\/","headline":"Pro p\u0159\u00edpad nouze","url":"https:\/\/www.marcs.cz\/pro-pripad-nouze\/","datePublished":"2023-04-01","dateModified":"2024-06-24","mainEntityOfPage":"https:\/\/www.marcs.cz\/pro-pripad-nouze\/","author":{"@type":"Person","@id":"https:\/\/www.marcs.cz\/author\/#Person","name":"","url":"https:\/\/www.marcs.cz\/author\/","identifier":1,"image":{"@type":"ImageObject","@id":"https:\/\/secure.gravatar.com\/avatar\/7b7a3ac09da7f6a75c5f1ebec5be454c22943a51b9f5595d89318ef09bd44dd1?s=96&d=mm&r=g","url":"https:\/\/secure.gravatar.com\/avatar\/7b7a3ac09da7f6a75c5f1ebec5be454c22943a51b9f5595d89318ef09bd44dd1?s=96&d=mm&r=g","height":96,"width":96}},"publisher":{"@type":"Organization","name":"marcs.cz","logo":{"@type":"ImageObject","@id":"\/logo.png","url":"\/logo.png","width":600,"height":60}},"image":{"@type":"ImageObject","@id":"https:\/\/www.marcs.cz\/wp-content\/uploads\/chemistry-g19ce282dd_640.jpg","url":"https:\/\/www.marcs.cz\/wp-content\/uploads\/chemistry-g19ce282dd_640.jpg","height":0,"width":0},"keywords":null},{"@type":"Article","@id":"https:\/\/www.marcs.cz\/jak-na-video\/","headline":"Jak na video","url":"https:\/\/www.marcs.cz\/jak-na-video\/","datePublished":"2023-03-28","dateModified":"2023-04-28","mainEntityOfPage":"https:\/\/www.marcs.cz\/jak-na-video\/","author":{"@type":"Person","@id":"https:\/\/www.marcs.cz\/author\/#Person","name":"","url":"https:\/\/www.marcs.cz\/author\/","identifier":1,"image":{"@type":"ImageObject","@id":"https:\/\/secure.gravatar.com\/avatar\/7b7a3ac09da7f6a75c5f1ebec5be454c22943a51b9f5595d89318ef09bd44dd1?s=96&d=mm&r=g","url":"https:\/\/secure.gravatar.com\/avatar\/7b7a3ac09da7f6a75c5f1ebec5be454c22943a51b9f5595d89318ef09bd44dd1?s=96&d=mm&r=g","height":96,"width":96}},"publisher":{"@type":"Organization","name":"marcs.cz","logo":{"@type":"ImageObject","@id":"\/logo.png","url":"\/logo.png","width":600,"height":60}},"image":{"@type":"ImageObject","@id":"https:\/\/www.marcs.cz\/wp-content\/uploads\/startup-594090_960_720_4.jpg","url":"https:\/\/www.marcs.cz\/wp-content\/uploads\/startup-594090_960_720_4.jpg","height":0,"width":0},"keywords":null},{"@type":"Article","@id":"https:\/\/www.marcs.cz\/kdyz-se-necite-dobre\/","headline":"Kdy\u017e se nec\u00edte dob\u0159e.","url":"https:\/\/www.marcs.cz\/kdyz-se-necite-dobre\/","datePublished":"2023-03-25","dateModified":"2023-04-26","mainEntityOfPage":"https:\/\/www.marcs.cz\/kdyz-se-necite-dobre\/","author":{"@type":"Person","@id":"https:\/\/www.marcs.cz\/author\/#Person","name":"","url":"https:\/\/www.marcs.cz\/author\/","identifier":1,"image":{"@type":"ImageObject","@id":"https:\/\/secure.gravatar.com\/avatar\/7b7a3ac09da7f6a75c5f1ebec5be454c22943a51b9f5595d89318ef09bd44dd1?s=96&d=mm&r=g","url":"https:\/\/secure.gravatar.com\/avatar\/7b7a3ac09da7f6a75c5f1ebec5be454c22943a51b9f5595d89318ef09bd44dd1?s=96&d=mm&r=g","height":96,"width":96}},"publisher":{"@type":"Organization","name":"marcs.cz","logo":{"@type":"ImageObject","@id":"\/logo.png","url":"\/logo.png","width":600,"height":60}},"image":{"@type":"ImageObject","@id":"https:\/\/www.marcs.cz\/wp-content\/uploads\/tablets-g79c7938c9_640.jpg","url":"https:\/\/www.marcs.cz\/wp-content\/uploads\/tablets-g79c7938c9_640.jpg","height":0,"width":0},"keywords":null},{"@type":"Article","@id":"https:\/\/www.marcs.cz\/liptov-patri-k-nejkrasnejsim-oblastem-na-slovensku\/","headline":"Liptov pat\u0159\u00ed k nejkr\u00e1sn\u011bj\u0161\u00edm oblastem na Slovensku","url":"https:\/\/www.marcs.cz\/liptov-patri-k-nejkrasnejsim-oblastem-na-slovensku\/","datePublished":"2023-03-10","dateModified":"2023-05-18","mainEntityOfPage":"https:\/\/www.marcs.cz\/liptov-patri-k-nejkrasnejsim-oblastem-na-slovensku\/","author":{"@type":"Person","@id":"https:\/\/www.marcs.cz\/author\/#Person","name":"","url":"https:\/\/www.marcs.cz\/author\/","identifier":1,"image":{"@type":"ImageObject","@id":"https:\/\/secure.gravatar.com\/avatar\/7b7a3ac09da7f6a75c5f1ebec5be454c22943a51b9f5595d89318ef09bd44dd1?s=96&d=mm&r=g","url":"https:\/\/secure.gravatar.com\/avatar\/7b7a3ac09da7f6a75c5f1ebec5be454c22943a51b9f5595d89318ef09bd44dd1?s=96&d=mm&r=g","height":96,"width":96}},"publisher":{"@type":"Organization","name":"marcs.cz","logo":{"@type":"ImageObject","@id":"\/logo.png","url":"\/logo.png","width":600,"height":60}},"image":{"@type":"ImageObject","@id":"https:\/\/www.marcs.cz\/wp-content\/uploads\/lake-6543167_640_2.jpg","url":"https:\/\/www.marcs.cz\/wp-content\/uploads\/lake-6543167_640_2.jpg","height":0,"width":0},"keywords":null},{"@type":"Article","@id":"https:\/\/www.marcs.cz\/poridte-si-pred-stehovanim-papirovy-zaznamnik\/","headline":"Po\u0159i\u010fte si p\u0159ed st\u011bhov\u00e1n\u00edm pap\u00edrov\u00fd z\u00e1znamn\u00edk","url":"https:\/\/www.marcs.cz\/poridte-si-pred-stehovanim-papirovy-zaznamnik\/","datePublished":"2023-01-23","dateModified":"2023-04-25","mainEntityOfPage":"https:\/\/www.marcs.cz\/poridte-si-pred-stehovanim-papirovy-zaznamnik\/","author":{"@type":"Person","@id":"https:\/\/www.marcs.cz\/author\/#Person","name":"","url":"https:\/\/www.marcs.cz\/author\/","identifier":1,"image":{"@type":"ImageObject","@id":"https:\/\/secure.gravatar.com\/avatar\/7b7a3ac09da7f6a75c5f1ebec5be454c22943a51b9f5595d89318ef09bd44dd1?s=96&d=mm&r=g","url":"https:\/\/secure.gravatar.com\/avatar\/7b7a3ac09da7f6a75c5f1ebec5be454c22943a51b9f5595d89318ef09bd44dd1?s=96&d=mm&r=g","height":96,"width":96}},"publisher":{"@type":"Organization","name":"marcs.cz","logo":{"@type":"ImageObject","@id":"\/logo.png","url":"\/logo.png","width":600,"height":60}},"image":{"@type":"ImageObject","@id":"https:\/\/www.marcs.cz\/wp-content\/uploads\/home-g96a7c0f12_640.jpg","url":"https:\/\/www.marcs.cz\/wp-content\/uploads\/home-g96a7c0f12_640.jpg","height":0,"width":0},"keywords":null},{"@type":"Article","@id":"https:\/\/www.marcs.cz\/obleceni-za-hubicku\/","headline":"Oble\u010den\u00ed za hubi\u010dku","url":"https:\/\/www.marcs.cz\/obleceni-za-hubicku\/","datePublished":"2022-10-16","dateModified":"2022-10-16","mainEntityOfPage":"https:\/\/www.marcs.cz\/obleceni-za-hubicku\/","author":{"@type":"Person","@id":"https:\/\/www.marcs.cz\/author\/#Person","name":"","url":"https:\/\/www.marcs.cz\/author\/","identifier":1,"image":{"@type":"ImageObject","@id":"https:\/\/secure.gravatar.com\/avatar\/7b7a3ac09da7f6a75c5f1ebec5be454c22943a51b9f5595d89318ef09bd44dd1?s=96&d=mm&r=g","url":"https:\/\/secure.gravatar.com\/avatar\/7b7a3ac09da7f6a75c5f1ebec5be454c22943a51b9f5595d89318ef09bd44dd1?s=96&d=mm&r=g","height":96,"width":96}},"publisher":{"@type":"Organization","name":"marcs.cz","logo":{"@type":"ImageObject","@id":"\/logo.png","url":"\/logo.png","width":600,"height":60}},"image":{"@type":"ImageObject","@id":"https:\/\/www.marcs.cz\/wp-content\/uploads\/zena%20bunda.jpg","url":"https:\/\/www.marcs.cz\/wp-content\/uploads\/zena%20bunda.jpg","height":0,"width":0},"keywords":null},{"@type":"Article","@id":"https:\/\/www.marcs.cz\/prace-na-webu\/","headline":"Pr\u00e1ce na webu","url":"https:\/\/www.marcs.cz\/prace-na-webu\/","datePublished":"2022-10-11","dateModified":"2022-10-11","mainEntityOfPage":"https:\/\/www.marcs.cz\/prace-na-webu\/","author":{"@type":"Person","@id":"https:\/\/www.marcs.cz\/author\/#Person","name":"","url":"https:\/\/www.marcs.cz\/author\/","identifier":1,"image":{"@type":"ImageObject","@id":"https:\/\/secure.gravatar.com\/avatar\/7b7a3ac09da7f6a75c5f1ebec5be454c22943a51b9f5595d89318ef09bd44dd1?s=96&d=mm&r=g","url":"https:\/\/secure.gravatar.com\/avatar\/7b7a3ac09da7f6a75c5f1ebec5be454c22943a51b9f5595d89318ef09bd44dd1?s=96&d=mm&r=g","height":96,"width":96}},"publisher":{"@type":"Organization","name":"marcs.cz","logo":{"@type":"ImageObject","@id":"\/logo.png","url":"\/logo.png","width":600,"height":60}},"image":{"@type":"ImageObject","@id":"https:\/\/www.marcs.cz\/wp-content\/uploads\/writing_workstation_office_business.jpg","url":"https:\/\/www.marcs.cz\/wp-content\/uploads\/writing_workstation_office_business.jpg","height":0,"width":0},"keywords":null}]}