[{"@context":"https:\/\/schema.org\/","@type":"Article","@id":"https:\/\/www.marcs.cz\/vuz-i-pro-vas\/#Article","mainEntityOfPage":"https:\/\/www.marcs.cz\/vuz-i-pro-vas\/","headline":"V\u016fz i pro V\u00e1s","name":"V\u016fz i pro V\u00e1s","description":"D\u00edky vlastn\u00edmu automobilu toho m\u016f\u017eeme hodn\u011b p\u0159ev\u00e9zt, a to nejen osoby, ale tak\u00e9 r\u016fzn\u00fd n\u00e1klad. Probl\u00e9m ale nast\u00e1v\u00e1 ve chv\u00edli, kdy pot\u0159ebujeme p\u0159ev\u00e9zt takov\u00fd n\u00e1klad, kter\u00fd u\u017e se n\u00e1m do vlastn\u00edho vozu jen tak nevejde. V takov\u00e9m p\u0159\u00edpad\u011b by se hodila nap\u0159\u00edklad dod\u00e1vka, kde ji ale m\u016f\u017eete vz\u00edt? Ve skute\u010dnosti to nemus\u00ed b\u00fdt tak slo\u017eit\u00e1 [&hellip;]","datePublished":"2018-02-09","dateModified":"2018-02-09","author":{"@type":"Person","@id":"https:\/\/www.marcs.cz\/author\/#Person","name":"","url":"https:\/\/www.marcs.cz\/author\/","identifier":1,"image":{"@type":"ImageObject","@id":"https:\/\/secure.gravatar.com\/avatar\/7b7a3ac09da7f6a75c5f1ebec5be454c22943a51b9f5595d89318ef09bd44dd1?s=96&d=mm&r=g","url":"https:\/\/secure.gravatar.com\/avatar\/7b7a3ac09da7f6a75c5f1ebec5be454c22943a51b9f5595d89318ef09bd44dd1?s=96&d=mm&r=g","height":96,"width":96}},"publisher":{"@type":"Organization","name":"marcs.cz","logo":{"@type":"ImageObject","@id":"\/logo.png","url":"\/logo.png","width":600,"height":60}},"image":{"@type":"ImageObject","@id":"https:\/\/www.marcs.cz\/wp-content\/uploads\/img_a311798_w2229_t1522841086.png","url":"https:\/\/www.marcs.cz\/wp-content\/uploads\/img_a311798_w2229_t1522841086.png","height":0,"width":0},"url":"https:\/\/www.marcs.cz\/vuz-i-pro-vas\/","about":["V\u00fdrobky"],"wordCount":443,"articleBody":"   D\u00edky vlastn\u00edmu automobilu toho m\u016f\u017eeme hodn\u011b p\u0159ev\u00e9zt, a to nejen osoby, ale tak\u00e9 r\u016fzn\u00fd n\u00e1klad. Probl\u00e9m ale nast\u00e1v\u00e1 ve chv\u00edli, kdy pot\u0159ebujeme p\u0159ev\u00e9zt takov\u00fd n\u00e1klad, kter\u00fd u\u017e se n\u00e1m do vlastn\u00edho vozu jen tak nevejde. V takov\u00e9m p\u0159\u00edpad\u011b by se hodila nap\u0159\u00edklad dod\u00e1vka, kde ji ale m\u016f\u017eete vz\u00edt? Ve skute\u010dnosti to nemus\u00ed b\u00fdt tak slo\u017eit\u00e1 situace, pokud dob\u0159e v\u00edte, na koho byste se m\u011bli obr\u00e1tit a jak\u00e9 jsou Va\u0161e mo\u017enosti. P\u016fj\u010dovna dod\u00e1vek m\u016f\u017ee b\u00fdt vhodnou volbou i ve Va\u0161em p\u0159\u00edpad\u011b, proto\u017ee d\u00edky n\u00ed pro V\u00e1s bude cokoliv mnohem jednodu\u0161\u0161\u00ed. V\u017edy si obstar\u00e1te takov\u00fd v\u016fz, kter\u00fd byste mohli pot\u0159ebovat, a pak u\u017e bude jenom na V\u00e1s, pro co se rozhodnete.   P\u016fj\u010dte si to prav\u00e9 V\u011b\u0159te tomu, \u017ee vozov\u00fd park je opravdu \u0161irok\u00fd, tak\u017ee v n\u011bm ka\u017ed\u00fd najde to, co by mu mohlo vyhovovat, co\u017e se samoz\u0159ejm\u011b hod\u00ed. Pokud tedy p\u0159em\u00fd\u0161l\u00edte nad t\u00edm, jak byste si mohli v\u0161e usnadnit a co by pro V\u00e1s mohlo b\u00fdt vhodn\u00e9, jsme tu pro V\u00e1s pr\u00e1v\u011b my. U n\u00e1s si m\u016f\u017eete vybrat takov\u00e9 vozidlo, kter\u00e9 zrovna pot\u0159ebujete. My V\u00e1m jej r\u00e1di poskytneme a postar\u00e1me se o to, abyste si p\u0159i\u0161li na sv\u00e9 a m\u011bli jej tak dlouho, jak to jenom bude nutn\u00e9. Po domluven\u00e9 dob\u011b n\u00e1m v\u016fz vr\u00e1t\u00edte a m\u016f\u017eete si jej kdykoliv znovu p\u016fj\u010dit. Je to jednoduch\u00e9 a velice efektivn\u00ed \u0159e\u0161en\u00ed, na kter\u00e9 se spol\u00e9h\u00e1 skute\u010dn\u011b velk\u00e9 mno\u017estv\u00ed jedinc\u016f, a proto bude zaru\u010den\u011b vyhovovat tak\u00e9 V\u00e1m.  Cht\u011bjte to, na co se m\u016f\u017eete spolehnout Na\u0161im voz\u016fm v\u017edy poskytujeme tu nejlep\u0161\u00ed p\u00e9\u010di, proto se dob\u0159e star\u00e1me o to, aby byly v tom nejlep\u0161\u00edm stavu, a Vy jste si s ni\u010d\u00edm nemuseli d\u011blat starosti, to je p\u0159eci jenom to, co se skute\u010dn\u011b po\u010d\u00edt\u00e1 a na co nen\u00ed dobr\u00e9 zapom\u00ednat. Jistota je tedy takov\u00e1, \u017ee v\u017edy doraz\u00edte do c\u00edle naprosto bez probl\u00e9m\u016f a v po\u0159\u00e1dku, co\u017e je p\u0159eci jenom to, na \u010dem skute\u010dn\u011b z\u00e1le\u017e\u00ed, proto se na n\u00e1s m\u016f\u017eete kdykoliv s d\u016fv\u011brou obr\u00e1tit, my u\u017e se r\u00e1di postar\u00e1me o to, abyste s na\u0161\u00ed prac\u00ed byli spokojeni.                                                                                                                                                                                                                                                                                                                                                                                          4\/5 - (1 vote)        "},{"@context":"https:\/\/schema.org\/","@type":"BreadcrumbList","itemListElement":[{"@type":"ListItem","position":1,"name":"V\u016fz i pro V\u00e1s","item":"https:\/\/www.marcs.cz\/vuz-i-pro-vas\/#breadcrumbitem"}]}]